{"id":20367,"date":"2020-06-18T15:07:05","date_gmt":"2020-06-18T13:07:05","guid":{"rendered":"https:\/\/www.nordiclights.com\/?p=20367"},"modified":"2020-06-18T15:17:48","modified_gmt":"2020-06-18T13:17:48","slug":"neu-der-canis-pro-330","status":"publish","type":"post","link":"https:\/\/www.nordiclights.com\/de\/neu-der-canis-pro-330\/","title":{"rendered":"NEU! Der Canis PRO 330"},"content":{"rendered":"<p><img loading=\"lazy\" decoding=\"async\" class=\"alignnone size-full wp-image-20322\" src=\"https:\/\/www.nordiclights.com\/wp-content\/uploads\/2020\/05\/CANIS-PRO-330-news-post2.png\" alt=\"\" width=\"1200\" height=\"560\" srcset=\"https:\/\/www.nordiclights.com\/wp-content\/uploads\/2020\/05\/CANIS-PRO-330-news-post2.png 1200w, https:\/\/www.nordiclights.com\/wp-content\/uploads\/2020\/05\/CANIS-PRO-330-news-post2-300x140.png 300w, https:\/\/www.nordiclights.com\/wp-content\/uploads\/2020\/05\/CANIS-PRO-330-news-post2-1024x478.png 1024w, https:\/\/www.nordiclights.com\/wp-content\/uploads\/2020\/05\/CANIS-PRO-330-news-post2-768x358.png 768w, https:\/\/www.nordiclights.com\/wp-content\/uploads\/2020\/05\/CANIS-PRO-330-news-post2-50x23.png 50w\" sizes=\"auto, (max-width: 1200px) 100vw, 1200px\" \/><\/p>\n<p>Auf der Suche nach starker Leistung in einem kleinen Paket wurde der <a href=\"https:\/\/www.nordiclights.com\/de\/products\/pro-de\/canis-pro-de\/cp330\/\">Canis PRO 330<\/a> entwickelt und ist das neueste Mitglied der Canis Arbeitsscheinwerfer-Familie. Diese kompakte Beleuchtungsl\u00f6sung bietet ein bemerkenswert hohes Lumen \/ Watt-Verh\u00e4ltnis und liefert bis zu 3000 tats\u00e4chliche Lumen bei einem Stromverbrauch von nur 28 Watt.<\/p>\n<p>Der hocheffiziente Canis PRO 330 eignet sich perfekt f\u00fcr anspruchsvolle Branchen wie <a href=\"https:\/\/www.nordiclights.com\/de\/techtalk\/mining\/\">Bergbau<\/a>, <a href=\"https:\/\/www.nordiclights.com\/de\/techtalk\/construction\/\">Bauwesen<\/a>, <a href=\"https:\/\/www.nordiclights.com\/de\/techtalk\/forestry\/\">Forstwirtschaft<\/a> und <a href=\"https:\/\/www.nordiclights.com\/de\/techtalk\/agriculture\/\">Landwirtschaft<\/a>. Als strapazierf\u00e4higer Allrounder ist der Canis PRO 330 mit einer Streuscheibe aus Glas und einem Aluminiumgeh\u00e4use f\u00fcr hervorragende Haltbarkeit ausgestattet.<\/p>\n<p>&#8211; Wir freuen uns sehr, den Canis PRO 330 der \u00d6ffentlichkeit zug\u00e4nglich zu machen und zu sehen, wie dieser Scheinwerfer seine Anwendungsbereiche beleuchtet. Ich hoffe, es wird Ihnen genauso gut gefallen, wie uns die Entwicklung gefallen hat, sagt Kim Holmvik, Projektleiter.<\/p>\n<p>Dieser vielseitige Arbeitsscheinwerfer ist mit drei verschiedenen Lichtbildern erh\u00e4ltlich, darunter das horizontal verl\u00e4ngerte Wide Flood und das, im Vergleich zu anderen Scheinwerfern, etwas weichere High Beam. Der Scheinwerfer passt in enge R\u00e4ume und kann problemlos Vibrationen von bis zu 15,3 Grms bei 24-2000 Hz standhalten.<\/p>\n<p>Ist Ihr Interesse geweckt? Der Canis PRO 330 ist ab sofort verf\u00fcgbar! Wenden Sie sich bitte an <a href=\"https:\/\/www.nordiclights.com\/de\/contact\/#distributors\">Ihren H\u00e4ndler vor Ort<\/a>, um weitere Informationen zu erhalten.<\/p>\n","protected":false},"excerpt":{"rendered":"<p>Auf der Suche nach starker Leistung in einem kleinen Paket wurde der Canis PRO 330 entwickelt und ist das neueste Mitglied der Canis Arbeitsscheinwerfer-Familie. Diese kompakte Beleuchtungsl\u00f6sung bietet ein bemerkenswert hohes Lumen \/ Watt-Verh\u00e4ltnis und liefert bis zu 3000 tats\u00e4chliche Lumen bei einem Stromverbrauch von nur 28 Watt. Der hocheffiziente Canis PRO 330 eignet sich [&hellip;]<\/p>\n","protected":false},"author":2,"featured_media":20341,"comment_status":"closed","ping_status":"closed","sticky":true,"template":"","format":"standard","meta":{"_acf_changed":false,"_monsterinsights_skip_tracking":false,"_monsterinsights_sitenote_active":false,"_monsterinsights_sitenote_note":"","_monsterinsights_sitenote_category":0,"footnotes":""},"categories":[655],"tags":[],"class_list":["post-20367","post","type-post","status-publish","format-standard","has-post-thumbnail","hentry","category-news-de"],"acf":[],"yoast_head":"<!-- This site is optimized with the Yoast SEO plugin v27.1.1 - https:\/\/yoast.com\/product\/yoast-seo-wordpress\/ -->\n<title>NEU! Der Canis PRO 330 - NORDIC LIGHTS\u00ae - Nordic Lights Ltd.<\/title>\n<meta name=\"robots\" content=\"index, follow, max-snippet:-1, max-image-preview:large, max-video-preview:-1\" \/>\n<link rel=\"canonical\" href=\"https:\/\/www.nordiclights.com\/de\/neu-der-canis-pro-330\/\" \/>\n<meta property=\"og:locale\" content=\"de_DE\" \/>\n<meta property=\"og:type\" content=\"article\" \/>\n<meta property=\"og:title\" content=\"NEU! Der Canis PRO 330 - NORDIC LIGHTS\u00ae - Nordic Lights Ltd.\" \/>\n<meta property=\"og:description\" content=\"Auf der Suche nach starker Leistung in einem kleinen Paket wurde der Canis PRO 330 entwickelt und ist das neueste Mitglied der Canis Arbeitsscheinwerfer-Familie. Diese kompakte Beleuchtungsl\u00f6sung bietet ein bemerkenswert hohes Lumen \/ Watt-Verh\u00e4ltnis und liefert bis zu 3000 tats\u00e4chliche Lumen bei einem Stromverbrauch von nur 28 Watt. Der hocheffiziente Canis PRO 330 eignet sich [&hellip;]\" \/>\n<meta property=\"og:url\" content=\"https:\/\/www.nordiclights.com\/de\/neu-der-canis-pro-330\/\" \/>\n<meta property=\"og:site_name\" content=\"NORDIC LIGHTS\u00ae - Nordic Lights Ltd.\" \/>\n<meta property=\"article:published_time\" content=\"2020-06-18T13:07:05+00:00\" \/>\n<meta property=\"article:modified_time\" content=\"2020-06-18T13:17:48+00:00\" \/>\n<meta property=\"og:image\" content=\"https:\/\/www.nordiclights.com\/wp-content\/uploads\/2020\/05\/CANIS-PRO-330-for-web-featured.png\" \/>\n\t<meta property=\"og:image:width\" content=\"700\" \/>\n\t<meta property=\"og:image:height\" content=\"576\" \/>\n\t<meta property=\"og:image:type\" content=\"image\/png\" \/>\n<meta name=\"author\" content=\"Maria Nyb\u00e4ck\" \/>\n<meta name=\"twitter:card\" content=\"summary_large_image\" \/>\n<meta name=\"twitter:label1\" content=\"Verfasst von\" \/>\n\t<meta name=\"twitter:data1\" content=\"Maria Nyb\u00e4ck\" \/>\n\t<meta name=\"twitter:label2\" content=\"Gesch\u00e4tzte Lesezeit\" \/>\n\t<meta name=\"twitter:data2\" content=\"1\u00a0Minute\" \/>\n<script type=\"application\/ld+json\" class=\"yoast-schema-graph\">{\"@context\":\"https:\/\/schema.org\",\"@graph\":[{\"@type\":\"Article\",\"@id\":\"https:\/\/www.nordiclights.com\/de\/neu-der-canis-pro-330\/#article\",\"isPartOf\":{\"@id\":\"https:\/\/www.nordiclights.com\/de\/neu-der-canis-pro-330\/\"},\"author\":{\"name\":\"Maria Nyb\u00e4ck\",\"@id\":\"https:\/\/www.nordiclights.com\/ru\/#\/schema\/person\/76dfcb7cf55f665d105568510a4c2716\"},\"headline\":\"NEU! Der Canis PRO 330\",\"datePublished\":\"2020-06-18T13:07:05+00:00\",\"dateModified\":\"2020-06-18T13:17:48+00:00\",\"mainEntityOfPage\":{\"@id\":\"https:\/\/www.nordiclights.com\/de\/neu-der-canis-pro-330\/\"},\"wordCount\":205,\"image\":{\"@id\":\"https:\/\/www.nordiclights.com\/de\/neu-der-canis-pro-330\/#primaryimage\"},\"thumbnailUrl\":\"https:\/\/www.nordiclights.com\/wp-content\/uploads\/2020\/05\/CANIS-PRO-330-for-web-featured.png\",\"articleSection\":[\"Neuigkeiten\"],\"inLanguage\":\"de\"},{\"@type\":\"WebPage\",\"@id\":\"https:\/\/www.nordiclights.com\/de\/neu-der-canis-pro-330\/\",\"url\":\"https:\/\/www.nordiclights.com\/de\/neu-der-canis-pro-330\/\",\"name\":\"NEU! Der Canis PRO 330 - NORDIC LIGHTS\u00ae - Nordic Lights Ltd.\",\"isPartOf\":{\"@id\":\"https:\/\/www.nordiclights.com\/ru\/#website\"},\"primaryImageOfPage\":{\"@id\":\"https:\/\/www.nordiclights.com\/de\/neu-der-canis-pro-330\/#primaryimage\"},\"image\":{\"@id\":\"https:\/\/www.nordiclights.com\/de\/neu-der-canis-pro-330\/#primaryimage\"},\"thumbnailUrl\":\"https:\/\/www.nordiclights.com\/wp-content\/uploads\/2020\/05\/CANIS-PRO-330-for-web-featured.png\",\"datePublished\":\"2020-06-18T13:07:05+00:00\",\"dateModified\":\"2020-06-18T13:17:48+00:00\",\"author\":{\"@id\":\"https:\/\/www.nordiclights.com\/ru\/#\/schema\/person\/76dfcb7cf55f665d105568510a4c2716\"},\"breadcrumb\":{\"@id\":\"https:\/\/www.nordiclights.com\/de\/neu-der-canis-pro-330\/#breadcrumb\"},\"inLanguage\":\"de\",\"potentialAction\":[{\"@type\":\"ReadAction\",\"target\":[\"https:\/\/www.nordiclights.com\/de\/neu-der-canis-pro-330\/\"]}]},{\"@type\":\"ImageObject\",\"inLanguage\":\"de\",\"@id\":\"https:\/\/www.nordiclights.com\/de\/neu-der-canis-pro-330\/#primaryimage\",\"url\":\"https:\/\/www.nordiclights.com\/wp-content\/uploads\/2020\/05\/CANIS-PRO-330-for-web-featured.png\",\"contentUrl\":\"https:\/\/www.nordiclights.com\/wp-content\/uploads\/2020\/05\/CANIS-PRO-330-for-web-featured.png\",\"width\":700,\"height\":576},{\"@type\":\"BreadcrumbList\",\"@id\":\"https:\/\/www.nordiclights.com\/de\/neu-der-canis-pro-330\/#breadcrumb\",\"itemListElement\":[{\"@type\":\"ListItem\",\"position\":1,\"name\":\"Home\",\"item\":\"https:\/\/www.nordiclights.com\/de\/\"},{\"@type\":\"ListItem\",\"position\":2,\"name\":\"NEU! Der Canis PRO 330\"}]},{\"@type\":\"WebSite\",\"@id\":\"https:\/\/www.nordiclights.com\/ru\/#website\",\"url\":\"https:\/\/www.nordiclights.com\/ru\/\",\"name\":\"NORDIC LIGHTS\u00ae - Nordic Lights Ltd.\",\"description\":\"\",\"potentialAction\":[{\"@type\":\"SearchAction\",\"target\":{\"@type\":\"EntryPoint\",\"urlTemplate\":\"https:\/\/www.nordiclights.com\/ru\/?s={search_term_string}\"},\"query-input\":{\"@type\":\"PropertyValueSpecification\",\"valueRequired\":true,\"valueName\":\"search_term_string\"}}],\"inLanguage\":\"de\"},{\"@type\":\"Person\",\"@id\":\"https:\/\/www.nordiclights.com\/ru\/#\/schema\/person\/76dfcb7cf55f665d105568510a4c2716\",\"name\":\"Maria Nyb\u00e4ck\",\"image\":{\"@type\":\"ImageObject\",\"inLanguage\":\"de\",\"@id\":\"https:\/\/www.nordiclights.com\/ru\/#\/schema\/person\/image\/\",\"url\":\"https:\/\/secure.gravatar.com\/avatar\/2f4d699854b3bd02725fb492055b062e99c5832551769730e7092f950ad91145?s=96&d=mm&r=g\",\"contentUrl\":\"https:\/\/secure.gravatar.com\/avatar\/2f4d699854b3bd02725fb492055b062e99c5832551769730e7092f950ad91145?s=96&d=mm&r=g\",\"caption\":\"Maria Nyb\u00e4ck\"}}]}<\/script>\n<!-- \/ Yoast SEO plugin. -->","yoast_head_json":{"title":"NEU! Der Canis PRO 330 - NORDIC LIGHTS\u00ae - Nordic Lights Ltd.","robots":{"index":"index","follow":"follow","max-snippet":"max-snippet:-1","max-image-preview":"max-image-preview:large","max-video-preview":"max-video-preview:-1"},"canonical":"https:\/\/www.nordiclights.com\/de\/neu-der-canis-pro-330\/","og_locale":"de_DE","og_type":"article","og_title":"NEU! Der Canis PRO 330 - NORDIC LIGHTS\u00ae - Nordic Lights Ltd.","og_description":"Auf der Suche nach starker Leistung in einem kleinen Paket wurde der Canis PRO 330 entwickelt und ist das neueste Mitglied der Canis Arbeitsscheinwerfer-Familie. Diese kompakte Beleuchtungsl\u00f6sung bietet ein bemerkenswert hohes Lumen \/ Watt-Verh\u00e4ltnis und liefert bis zu 3000 tats\u00e4chliche Lumen bei einem Stromverbrauch von nur 28 Watt. Der hocheffiziente Canis PRO 330 eignet sich [&hellip;]","og_url":"https:\/\/www.nordiclights.com\/de\/neu-der-canis-pro-330\/","og_site_name":"NORDIC LIGHTS\u00ae - Nordic Lights Ltd.","article_published_time":"2020-06-18T13:07:05+00:00","article_modified_time":"2020-06-18T13:17:48+00:00","og_image":[{"width":700,"height":576,"url":"https:\/\/www.nordiclights.com\/wp-content\/uploads\/2020\/05\/CANIS-PRO-330-for-web-featured.png","type":"image\/png"}],"author":"Maria Nyb\u00e4ck","twitter_card":"summary_large_image","twitter_misc":{"Verfasst von":"Maria Nyb\u00e4ck","Gesch\u00e4tzte Lesezeit":"1\u00a0Minute"},"schema":{"@context":"https:\/\/schema.org","@graph":[{"@type":"Article","@id":"https:\/\/www.nordiclights.com\/de\/neu-der-canis-pro-330\/#article","isPartOf":{"@id":"https:\/\/www.nordiclights.com\/de\/neu-der-canis-pro-330\/"},"author":{"name":"Maria Nyb\u00e4ck","@id":"https:\/\/www.nordiclights.com\/ru\/#\/schema\/person\/76dfcb7cf55f665d105568510a4c2716"},"headline":"NEU! Der Canis PRO 330","datePublished":"2020-06-18T13:07:05+00:00","dateModified":"2020-06-18T13:17:48+00:00","mainEntityOfPage":{"@id":"https:\/\/www.nordiclights.com\/de\/neu-der-canis-pro-330\/"},"wordCount":205,"image":{"@id":"https:\/\/www.nordiclights.com\/de\/neu-der-canis-pro-330\/#primaryimage"},"thumbnailUrl":"https:\/\/www.nordiclights.com\/wp-content\/uploads\/2020\/05\/CANIS-PRO-330-for-web-featured.png","articleSection":["Neuigkeiten"],"inLanguage":"de"},{"@type":"WebPage","@id":"https:\/\/www.nordiclights.com\/de\/neu-der-canis-pro-330\/","url":"https:\/\/www.nordiclights.com\/de\/neu-der-canis-pro-330\/","name":"NEU! Der Canis PRO 330 - NORDIC LIGHTS\u00ae - Nordic Lights Ltd.","isPartOf":{"@id":"https:\/\/www.nordiclights.com\/ru\/#website"},"primaryImageOfPage":{"@id":"https:\/\/www.nordiclights.com\/de\/neu-der-canis-pro-330\/#primaryimage"},"image":{"@id":"https:\/\/www.nordiclights.com\/de\/neu-der-canis-pro-330\/#primaryimage"},"thumbnailUrl":"https:\/\/www.nordiclights.com\/wp-content\/uploads\/2020\/05\/CANIS-PRO-330-for-web-featured.png","datePublished":"2020-06-18T13:07:05+00:00","dateModified":"2020-06-18T13:17:48+00:00","author":{"@id":"https:\/\/www.nordiclights.com\/ru\/#\/schema\/person\/76dfcb7cf55f665d105568510a4c2716"},"breadcrumb":{"@id":"https:\/\/www.nordiclights.com\/de\/neu-der-canis-pro-330\/#breadcrumb"},"inLanguage":"de","potentialAction":[{"@type":"ReadAction","target":["https:\/\/www.nordiclights.com\/de\/neu-der-canis-pro-330\/"]}]},{"@type":"ImageObject","inLanguage":"de","@id":"https:\/\/www.nordiclights.com\/de\/neu-der-canis-pro-330\/#primaryimage","url":"https:\/\/www.nordiclights.com\/wp-content\/uploads\/2020\/05\/CANIS-PRO-330-for-web-featured.png","contentUrl":"https:\/\/www.nordiclights.com\/wp-content\/uploads\/2020\/05\/CANIS-PRO-330-for-web-featured.png","width":700,"height":576},{"@type":"BreadcrumbList","@id":"https:\/\/www.nordiclights.com\/de\/neu-der-canis-pro-330\/#breadcrumb","itemListElement":[{"@type":"ListItem","position":1,"name":"Home","item":"https:\/\/www.nordiclights.com\/de\/"},{"@type":"ListItem","position":2,"name":"NEU! Der Canis PRO 330"}]},{"@type":"WebSite","@id":"https:\/\/www.nordiclights.com\/ru\/#website","url":"https:\/\/www.nordiclights.com\/ru\/","name":"NORDIC LIGHTS\u00ae - Nordic Lights Ltd.","description":"","potentialAction":[{"@type":"SearchAction","target":{"@type":"EntryPoint","urlTemplate":"https:\/\/www.nordiclights.com\/ru\/?s={search_term_string}"},"query-input":{"@type":"PropertyValueSpecification","valueRequired":true,"valueName":"search_term_string"}}],"inLanguage":"de"},{"@type":"Person","@id":"https:\/\/www.nordiclights.com\/ru\/#\/schema\/person\/76dfcb7cf55f665d105568510a4c2716","name":"Maria Nyb\u00e4ck","image":{"@type":"ImageObject","inLanguage":"de","@id":"https:\/\/www.nordiclights.com\/ru\/#\/schema\/person\/image\/","url":"https:\/\/secure.gravatar.com\/avatar\/2f4d699854b3bd02725fb492055b062e99c5832551769730e7092f950ad91145?s=96&d=mm&r=g","contentUrl":"https:\/\/secure.gravatar.com\/avatar\/2f4d699854b3bd02725fb492055b062e99c5832551769730e7092f950ad91145?s=96&d=mm&r=g","caption":"Maria Nyb\u00e4ck"}}]}},"_links":{"self":[{"href":"https:\/\/www.nordiclights.com\/de\/wp-json\/wp\/v2\/posts\/20367","targetHints":{"allow":["GET"]}}],"collection":[{"href":"https:\/\/www.nordiclights.com\/de\/wp-json\/wp\/v2\/posts"}],"about":[{"href":"https:\/\/www.nordiclights.com\/de\/wp-json\/wp\/v2\/types\/post"}],"author":[{"embeddable":true,"href":"https:\/\/www.nordiclights.com\/de\/wp-json\/wp\/v2\/users\/2"}],"replies":[{"embeddable":true,"href":"https:\/\/www.nordiclights.com\/de\/wp-json\/wp\/v2\/comments?post=20367"}],"version-history":[{"count":3,"href":"https:\/\/www.nordiclights.com\/de\/wp-json\/wp\/v2\/posts\/20367\/revisions"}],"predecessor-version":[{"id":20372,"href":"https:\/\/www.nordiclights.com\/de\/wp-json\/wp\/v2\/posts\/20367\/revisions\/20372"}],"wp:featuredmedia":[{"embeddable":true,"href":"https:\/\/www.nordiclights.com\/de\/wp-json\/wp\/v2\/media\/20341"}],"wp:attachment":[{"href":"https:\/\/www.nordiclights.com\/de\/wp-json\/wp\/v2\/media?parent=20367"}],"wp:term":[{"taxonomy":"category","embeddable":true,"href":"https:\/\/www.nordiclights.com\/de\/wp-json\/wp\/v2\/categories?post=20367"},{"taxonomy":"post_tag","embeddable":true,"href":"https:\/\/www.nordiclights.com\/de\/wp-json\/wp\/v2\/tags?post=20367"}],"curies":[{"name":"wp","href":"https:\/\/api.w.org\/{rel}","templated":true}]}}